{"id":1538,"date":"2026-08-28T18:37:52","date_gmt":"2026-08-28T23:37:52","guid":{"rendered":"https:\/\/modoreportero.arequipa.site\/?p=1538"},"modified":"2026-08-28T18:37:54","modified_gmt":"2026-08-28T23:37:54","slug":"el-aire-que-respiramos-a-diario-esta-contaminado-por-microplasticos","status":"publish","type":"post","link":"https:\/\/modoreportero.arequipa.site\/index.php\/2026\/08\/28\/el-aire-que-respiramos-a-diario-esta-contaminado-por-microplasticos\/","title":{"rendered":"El aire que respiramos a diario est\u00e1 contaminado por micropl\u00e1sticos"},"content":{"rendered":"\n<p>Estamos destruyendo nuestro hogar con nuestra indiferencia.<\/p>\n\n\n\n<p class=\"has-text-align-right\"><strong>Por: Uriel Mart\u00edn Pastor (17)<\/strong><\/p>\n\n\n\n<p>Como estudiantes de quinto de secundaria, a un paso de salir al mundo real, resulta indignante observar lo que estamos heredando. Se ha evidenciado la alarmante presencia de micropart\u00edculas provenientes de la fragmentaci\u00f3n de diferentes pol\u00edmeros y envases de hidrocarburos.<\/p>\n\n\n\n<p>Lo verdaderamente frustrante es d\u00f3nde han terminado: seg\u00fan la doctora Adriana Edith Larrea Valdivia, doctora en Qu\u00edmica de la Universidad Nacional de San Agust\u00edn (UNSA), estos agentes contaminantes se encontraron flotando a lo largo de toda la cuenca hidrogr\u00e1fica del hist\u00f3rico R\u00edo Chili y en sus m\u00e1rgenes m\u00e1s cercanos.<\/p>\n\n\n\n<p>Duele pensar que el agua que da vida a nuestra campi\u00f1a arrastra ahora esta carga t\u00f3xica, pero la pesadilla no termina en el cauce del r\u00edo. Al igual que existe esta contaminaci\u00f3n en el agua, tambi\u00e9n ha invadido nuestras calles. Sin darnos cuenta, estamos respirando pl\u00e1stico todos los d\u00edas.<\/p>\n\n\n\n<p>Investigaciones europeas concluyeron que sucede esto: la principal fuente en el aire proviene del desgaste del caucho de las llantas de los autom\u00f3viles. La fricci\u00f3n constante contra el asfalto conlleva la fragmentaci\u00f3n del material en micropl\u00e1sticos que se elevan al aire de los alrededores, para ser inhalados inevitablemente por los transe\u00fantes.<\/p>\n\n\n\n<p>Estos hallazgos nos obligan a hacernos una pregunta urgente: en la realidad del Per\u00fa, \u00bfrealmente existe una conciencia sobre el cuidado de nuestro entorno? Para combatir esta desidia, desde nuestras aulas estamos intentando dar peque\u00f1os pasos. Inspirados en los principios de fraternidad y servicio de nuestro santo fundador educador, impulsamos acciones enfocadas en el cuidado de nuestra casa com\u00fan. Es una forma de prevenci\u00f3n y de respuesta comunitaria para intentar mitigar el da\u00f1o; sin embargo, aunque es un despertar necesario, sabemos que est\u00e1 lejos de ser una soluci\u00f3n definitiva frente a la magnitud del desastre.<\/p>\n\n\n\n<p>Esta subdivisi\u00f3n de la contaminaci\u00f3n por pl\u00e1sticos ocurre por nuestra p\u00e9sima gesti\u00f3n de residuos y por un modelo de vida que prioriza la comodidad por encima de la sostenibilidad. Nos estamos envenenando lentamente a causa de nuestra propia negligencia, y si la sociedad adulta no acompa\u00f1a las iniciativas que nacen en las escuelas con medidas dr\u00e1sticas, pronto no habr\u00e1 marcha atr\u00e1s para el aire que respiramos ni para el agua que nos sustenta.<\/p>\n","protected":false},"excerpt":{"rendered":"<p>Estamos destruyendo nuestro hogar con nuestra indiferencia. Por: Uriel Mart\u00edn Pastor (17) Como estudiantes de quinto de secundaria, a un paso de salir al mundo real, resulta indignante observar lo que estamos heredando. Se ha evidenciado la alarmante presencia de micropart\u00edculas provenientes de la fragmentaci\u00f3n de diferentes pol\u00edmeros y envases de hidrocarburos. Lo verdaderamente frustrante es d\u00f3nde han terminado: seg\u00fan la doctora Adriana Edith Larrea Valdivia, doctora en Qu\u00edmica de la Universidad Nacional de San Agust\u00edn (UNSA), estos agentes contaminantes se encontraron flotando a lo largo de toda la cuenca hidrogr\u00e1fica del hist\u00f3rico R\u00edo Chili y en sus m\u00e1rgenes m\u00e1s cercanos. Duele pensar que el agua que da vida a nuestra campi\u00f1a arrastra ahora esta carga t\u00f3xica, pero la pesadilla no termina en el cauce del r\u00edo. Al igual que existe esta contaminaci\u00f3n en el agua, tambi\u00e9n ha invadido nuestras calles. Sin darnos cuenta, estamos respirando pl\u00e1stico todos los d\u00edas. Investigaciones europeas concluyeron que sucede esto: la principal fuente en el aire proviene del desgaste del caucho de las llantas de los autom\u00f3viles. La fricci\u00f3n constante contra el asfalto conlleva la fragmentaci\u00f3n del material en micropl\u00e1sticos que se elevan al aire de los alrededores, para ser inhalados inevitablemente por los transe\u00fantes. Estos hallazgos nos obligan a hacernos una pregunta urgente: en la realidad del Per\u00fa, \u00bfrealmente existe una conciencia sobre el cuidado de nuestro entorno? Para combatir esta desidia, desde nuestras aulas estamos intentando dar peque\u00f1os pasos. Inspirados en los principios de fraternidad y servicio de nuestro santo fundador educador, impulsamos acciones enfocadas en el cuidado de nuestra casa com\u00fan. Es una forma de prevenci\u00f3n y de respuesta comunitaria para intentar mitigar el da\u00f1o; sin embargo, aunque es un despertar necesario, sabemos que est\u00e1 lejos de ser una soluci\u00f3n definitiva frente a la magnitud del desastre. Esta subdivisi\u00f3n de la contaminaci\u00f3n por pl\u00e1sticos ocurre por nuestra p\u00e9sima gesti\u00f3n de residuos y por un modelo de vida que prioriza la comodidad por encima de la sostenibilidad. Nos estamos envenenando lentamente a causa de nuestra propia negligencia, y si la sociedad adulta no acompa\u00f1a las iniciativas que nacen en las escuelas con medidas dr\u00e1sticas, pronto no habr\u00e1 marcha atr\u00e1s para el aire que respiramos ni para el agua que nos sustenta.<\/p>\n","protected":false},"author":39,"featured_media":1539,"comment_status":"open","ping_status":"open","sticky":false,"template":"","format":"standard","meta":{"footnotes":""},"categories":[43,27],"tags":[],"class_list":["post-1538","post","type-post","status-publish","format-standard","has-post-thumbnail","hentry","category-articulos","category-portada"],"jetpack_featured_media_url":"https:\/\/modoreportero.arequipa.site\/wp-content\/uploads\/2026\/08\/IMG-20260828-WA0137.jpg","_links":{"self":[{"href":"https:\/\/modoreportero.arequipa.site\/index.php\/wp-json\/wp\/v2\/posts\/1538","targetHints":{"allow":["GET"]}}],"collection":[{"href":"https:\/\/modoreportero.arequipa.site\/index.php\/wp-json\/wp\/v2\/posts"}],"about":[{"href":"https:\/\/modoreportero.arequipa.site\/index.php\/wp-json\/wp\/v2\/types\/post"}],"author":[{"embeddable":true,"href":"https:\/\/modoreportero.arequipa.site\/index.php\/wp-json\/wp\/v2\/users\/39"}],"replies":[{"embeddable":true,"href":"https:\/\/modoreportero.arequipa.site\/index.php\/wp-json\/wp\/v2\/comments?post=1538"}],"version-history":[{"count":1,"href":"https:\/\/modoreportero.arequipa.site\/index.php\/wp-json\/wp\/v2\/posts\/1538\/revisions"}],"predecessor-version":[{"id":1540,"href":"https:\/\/modoreportero.arequipa.site\/index.php\/wp-json\/wp\/v2\/posts\/1538\/revisions\/1540"}],"wp:featuredmedia":[{"embeddable":true,"href":"https:\/\/modoreportero.arequipa.site\/index.php\/wp-json\/wp\/v2\/media\/1539"}],"wp:attachment":[{"href":"https:\/\/modoreportero.arequipa.site\/index.php\/wp-json\/wp\/v2\/media?parent=1538"}],"wp:term":[{"taxonomy":"category","embeddable":true,"href":"https:\/\/modoreportero.arequipa.site\/index.php\/wp-json\/wp\/v2\/categories?post=1538"},{"taxonomy":"post_tag","embeddable":true,"href":"https:\/\/modoreportero.arequipa.site\/index.php\/wp-json\/wp\/v2\/tags?post=1538"}],"curies":[{"name":"wp","href":"https:\/\/api.w.org\/{rel}","templated":true}]}}