{"id":1544,"date":"2026-08-28T18:43:05","date_gmt":"2026-08-28T23:43:05","guid":{"rendered":"https:\/\/modoreportero.arequipa.site\/?p=1544"},"modified":"2026-08-28T18:43:07","modified_gmt":"2026-08-28T23:43:07","slug":"el-hombre-que-vigila-el-dinero-del-peru","status":"publish","type":"post","link":"https:\/\/modoreportero.arequipa.site\/index.php\/2026\/08\/28\/el-hombre-que-vigila-el-dinero-del-peru\/","title":{"rendered":"El hombre que vigila el dinero del Per\u00fa"},"content":{"rendered":"\n<p>Entre crisis y momentos de incertidumbre, Julio Velarde es uno de los personajes m\u00e1s importantes de la econom\u00eda peruana.<\/p>\n\n\n\n<p class=\"has-text-align-right\"><strong>Por: Nicol\u00e1s Polanco (16) y Neil Soto (16)<\/strong><\/p>\n\n\n\n<p>Mientras millones de peruanos revisan el precio de los alimentos, calculan cu\u00e1nto gastar\u00e1n en el supermercado o esperan que su sueldo alcance hasta fin de mes, en otro lugar alguien observa n\u00fameros, gr\u00e1ficos y porcentajes. No parece una escena extraordinaria, pero muchas de las decisiones tomadas all\u00ed terminan sinti\u00e9ndose en los bolsillos de todos.<\/p>\n\n\n\n<p>Ese lugar es el Banco Central de Reserva del Per\u00fa y el hombre que durante a\u00f1os ha estado al frente es Julio Velarde.<\/p>\n\n\n\n<p>Su historia comenz\u00f3 mucho antes de convertirse en una de las figuras m\u00e1s conocidas de la econom\u00eda peruana. Nacido en Lima en 1952, Velarde estudi\u00f3 Econom\u00eda en la Universidad del Pac\u00edfico y posteriormente continu\u00f3 su preparaci\u00f3n acad\u00e9mica en Estados Unidos. Desde entonces, su carrera estuvo ligada a la econom\u00eda y al mundo acad\u00e9mico.<\/p>\n\n\n\n<p>Pero ser\u00eda en 2006 cuando asumi\u00f3 el cargo de presidente del Banco Central de Reserva del Per\u00fa. Desde entonces, ha permanecido en el cargo durante diferentes gobiernos.<\/p>\n\n\n\n<p>La labor de Velarde no es simplemente verificar que el d\u00f3lar suba o baje. Una de sus principales tareas es mantener la estabilidad de los precios y controlar la inflaci\u00f3n. Para esto, el BCRP verifica lo que ocurre en el Per\u00fa y en el resto de pa\u00edses.<\/p>\n\n\n\n<p>Durante su gesti\u00f3n llegaron crisis internacionales, conflictos pol\u00edticos, cambios econ\u00f3micos y, en 2020, una pandemia que paraliz\u00f3 gran parte del mundo, donde miles de empresarios y trabajadores tuvieron que enfrentar una situaci\u00f3n muy complicada.<\/p>\n\n\n\n<p>Despu\u00e9s llegaron nuevos desaf\u00edos. La inflaci\u00f3n aument\u00f3 en distintos pa\u00edses y los precios comenzaron a subir. Para muchas familias, aquello dej\u00f3 de ser una cifra en las noticias y se convirti\u00f3 en algo cotidiano: comprar menos con el mismo dinero.<\/p>\n\n\n\n<p>Con el paso de los a\u00f1os, Velarde tambi\u00e9n consigui\u00f3 reconocimiento internacional. Su permanencia al frente del BCRP y la pol\u00edtica monetaria del Per\u00fa hicieron que fuera considerado una figura importante dentro de la banca central latinoamericana.<\/p>\n\n\n\n<p>Mientras los pol\u00edticos aparecen constantemente frente a las c\u00e1maras y los ciudadanos discuten sobre sus decisiones, el presidente del Banco Central trabaja en un espacio donde una cifra puede significar mucho m\u00e1s de lo que parece.<\/p>\n\n\n\n<p>Julio Velarde ha pasado a\u00f1os observando esas cifras. Ha visto cambiar gobiernos, presidentes, crisis y generaciones. Y aunque su trabajo pueda parecer lejano para una persona que simplemente va a comprar pan, sus decisiones terminan llegando hasta all\u00ed.<\/p>\n\n\n\n<p>Porque la econom\u00eda no siempre se anuncia con grandes discursos. A veces aparece silenciosamente en el precio de un producto, en el inter\u00e9s de un pr\u00e9stamo o en cu\u00e1nto queda en la billetera al final del d\u00eda.<\/p>\n\n\n\n<p><\/p>\n","protected":false},"excerpt":{"rendered":"<p>Entre crisis y momentos de incertidumbre, Julio Velarde es uno de los personajes m\u00e1s importantes de la econom\u00eda peruana. Por: Nicol\u00e1s Polanco (16) y Neil Soto (16) Mientras millones de peruanos revisan el precio de los alimentos, calculan cu\u00e1nto gastar\u00e1n en el supermercado o esperan que su sueldo alcance hasta fin de mes, en otro lugar alguien observa n\u00fameros, gr\u00e1ficos y porcentajes. No parece una escena extraordinaria, pero muchas de las decisiones tomadas all\u00ed terminan sinti\u00e9ndose en los bolsillos de todos. Ese lugar es el Banco Central de Reserva del Per\u00fa y el hombre que durante a\u00f1os ha estado al frente es Julio Velarde. Su historia comenz\u00f3 mucho antes de convertirse en una de las figuras m\u00e1s conocidas de la econom\u00eda peruana. Nacido en Lima en 1952, Velarde estudi\u00f3 Econom\u00eda en la Universidad del Pac\u00edfico y posteriormente continu\u00f3 su preparaci\u00f3n acad\u00e9mica en Estados Unidos. Desde entonces, su carrera estuvo ligada a la econom\u00eda y al mundo acad\u00e9mico. Pero ser\u00eda en 2006 cuando asumi\u00f3 el cargo de presidente del Banco Central de Reserva del Per\u00fa. Desde entonces, ha permanecido en el cargo durante diferentes gobiernos. La labor de Velarde no es simplemente verificar que el d\u00f3lar suba o baje. Una de sus principales tareas es mantener la estabilidad de los precios y controlar la inflaci\u00f3n. Para esto, el BCRP verifica lo que ocurre en el Per\u00fa y en el resto de pa\u00edses. Durante su gesti\u00f3n llegaron crisis internacionales, conflictos pol\u00edticos, cambios econ\u00f3micos y, en 2020, una pandemia que paraliz\u00f3 gran parte del mundo, donde miles de empresarios y trabajadores tuvieron que enfrentar una situaci\u00f3n muy complicada. Despu\u00e9s llegaron nuevos desaf\u00edos. La inflaci\u00f3n aument\u00f3 en distintos pa\u00edses y los precios comenzaron a subir. Para muchas familias, aquello dej\u00f3 de ser una cifra en las noticias y se convirti\u00f3 en algo cotidiano: comprar menos con el mismo dinero. Con el paso de los a\u00f1os, Velarde tambi\u00e9n consigui\u00f3 reconocimiento internacional. Su permanencia al frente del BCRP y la pol\u00edtica monetaria del Per\u00fa hicieron que fuera considerado una figura importante dentro de la banca central latinoamericana. Mientras los pol\u00edticos aparecen constantemente frente a las c\u00e1maras y los ciudadanos discuten sobre sus decisiones, el presidente del Banco Central trabaja en un espacio donde una cifra puede significar mucho m\u00e1s de lo que parece. Julio Velarde ha pasado a\u00f1os observando esas cifras. Ha visto cambiar gobiernos, presidentes, crisis y generaciones. Y aunque su trabajo pueda parecer lejano para una persona que simplemente va a comprar pan, sus decisiones terminan llegando hasta all\u00ed. Porque la econom\u00eda no siempre se anuncia con grandes discursos. A veces aparece silenciosamente en el precio de un producto, en el inter\u00e9s de un pr\u00e9stamo o en cu\u00e1nto queda en la billetera al final del d\u00eda.<\/p>\n","protected":false},"author":39,"featured_media":1546,"comment_status":"open","ping_status":"open","sticky":false,"template":"","format":"standard","meta":{"footnotes":""},"categories":[43,27],"tags":[],"class_list":["post-1544","post","type-post","status-publish","format-standard","has-post-thumbnail","hentry","category-articulos","category-portada"],"jetpack_featured_media_url":"https:\/\/modoreportero.arequipa.site\/wp-content\/uploads\/2026\/08\/IMG-20260828-WA0133.jpg","_links":{"self":[{"href":"https:\/\/modoreportero.arequipa.site\/index.php\/wp-json\/wp\/v2\/posts\/1544","targetHints":{"allow":["GET"]}}],"collection":[{"href":"https:\/\/modoreportero.arequipa.site\/index.php\/wp-json\/wp\/v2\/posts"}],"about":[{"href":"https:\/\/modoreportero.arequipa.site\/index.php\/wp-json\/wp\/v2\/types\/post"}],"author":[{"embeddable":true,"href":"https:\/\/modoreportero.arequipa.site\/index.php\/wp-json\/wp\/v2\/users\/39"}],"replies":[{"embeddable":true,"href":"https:\/\/modoreportero.arequipa.site\/index.php\/wp-json\/wp\/v2\/comments?post=1544"}],"version-history":[{"count":1,"href":"https:\/\/modoreportero.arequipa.site\/index.php\/wp-json\/wp\/v2\/posts\/1544\/revisions"}],"predecessor-version":[{"id":1547,"href":"https:\/\/modoreportero.arequipa.site\/index.php\/wp-json\/wp\/v2\/posts\/1544\/revisions\/1547"}],"wp:featuredmedia":[{"embeddable":true,"href":"https:\/\/modoreportero.arequipa.site\/index.php\/wp-json\/wp\/v2\/media\/1546"}],"wp:attachment":[{"href":"https:\/\/modoreportero.arequipa.site\/index.php\/wp-json\/wp\/v2\/media?parent=1544"}],"wp:term":[{"taxonomy":"category","embeddable":true,"href":"https:\/\/modoreportero.arequipa.site\/index.php\/wp-json\/wp\/v2\/categories?post=1544"},{"taxonomy":"post_tag","embeddable":true,"href":"https:\/\/modoreportero.arequipa.site\/index.php\/wp-json\/wp\/v2\/tags?post=1544"}],"curies":[{"name":"wp","href":"https:\/\/api.w.org\/{rel}","templated":true}]}}